{"id":4942,"date":"2014-12-27T16:41:46","date_gmt":"2014-12-27T15:41:46","guid":{"rendered":"http:\/\/blog.italygreentravel.com\/?p=4942"},"modified":"2014-12-27T16:44:30","modified_gmt":"2014-12-27T15:44:30","slug":"sea-winter-new-years-eve","status":"publish","type":"post","link":"https:\/\/ecobnb.com\/blog\/2014\/12\/sea-winter-new-years-eve\/","title":{"rendered":"Sea in winter: 4 Italian off the beaten track destinations"},"content":{"rendered":"<h2><strong>Rimini all year round<\/strong><\/h2>\n<p>A favourite destination for Italian and Nordic teens, well known for its brilliant, lively summer season, Rimini has massively invested in trying to extend its seasonal attraction or, at least, in gaining a reputation as a destination for festive holidays.<br \/>\nThe name of the New Year\u2019s Eve 2015 programme is symbolic of this:\u201cThe never ending New Year\u2019s Eve\u201d.<br \/>\nMany events and parties will light the cold Rimini nights and, though the water may be too cold, a few brave ones will <strong>welcome in 2015 by taking a dip in the Adriatic sea.<\/strong><br \/>\nSave the date: 01.01.15- A swim in the sea, in front of the \u201cBagno 65\u201d in Torre Pedrera, a few km north of Rimini.<br \/>\nAnd if you want to warm up afterwards, tea and biscuits will be offered, followed by a hearty and a spaghettata at noon.<br \/>\nWhere to stay?<a href=\"https:\/\/ecobnb.com\/rimini\/hotels\/hotel-la-gioiosa\" target=\"_blank\">Hotel La Gioiosa<\/a><\/p>\n\n\t\t<style type=\"text\/css\">\n\t\t\t#gallery-1 {\n\t\t\t\tmargin: auto;\n\t\t\t}\n\t\t\t#gallery-1 .gallery-item {\n\t\t\t\tfloat: left;\n\t\t\t\tmargin-top: 10px;\n\t\t\t\ttext-align: center;\n\t\t\t\twidth: 33%;\n\t\t\t}\n\t\t\t#gallery-1 img {\n\t\t\t\tborder: 2px solid #cfcfcf;\n\t\t\t}\n\t\t\t#gallery-1 .gallery-caption {\n\t\t\t\tmargin-left: 0;\n\t\t\t}\n\t\t\t\/* see gallery_shortcode() in wp-includes\/media.php *\/\n\t\t<\/style>\n\t\t<div id='gallery-1' class='gallery galleryid-4942 gallery-columns-3 gallery-size-thumbnail'><dl class='gallery-item'>\n\t\t\t<dt class='gallery-icon landscape'>\n\t\t\t\t<a href='https:\/\/ecobnb.com\/blog\/2014\/12\/sea-winter-new-years-eve\/il-mare-di-rimini-in-inverno-di-giorgio-raffaeli-via-flickr\/#main'><img width=\"270\" height=\"200\" src=\"https:\/\/ecobnb.com\/blog\/app\/uploads\/sites\/3\/2014\/12\/Il-mare-di-Rimini-in-inverno-di-Giorgio-Raffaeli-via-Flickr-270x200.jpg\" class=\"attachment-thumbnail size-thumbnail\" alt=\"Sea\" aria-describedby=\"gallery-1-4949\" \/><\/a>\n\t\t\t<\/dt>\n\t\t\t\t<dd class='wp-caption-text gallery-caption' id='gallery-1-4949'>\n\t\t\t\tThe sea photography by Giorgio Raffaeli via Flickr\n\t\t\t\t<\/dd><\/dl><dl class='gallery-item'>\n\t\t\t<dt class='gallery-icon landscape'>\n\t\t\t\t<a href='https:\/\/ecobnb.com\/blog\/2014\/12\/sea-winter-new-years-eve\/bagno-a-mare-in-inverno-fotografia-di-marcovdz-via-flickr\/#main'><img width=\"270\" height=\"200\" src=\"https:\/\/ecobnb.com\/blog\/app\/uploads\/sites\/3\/2014\/12\/Bagno-a-mare-in-inverno-fotografia-di-Marcovdz-via-Flickr-270x200.jpg\" class=\"attachment-thumbnail size-thumbnail\" alt=\"Winter bathers\" aria-describedby=\"gallery-1-4948\" \/><\/a>\n\t\t\t<\/dt>\n\t\t\t\t<dd class='wp-caption-text gallery-caption' id='gallery-1-4948'>\n\t\t\t\tA winter dip in the sea photography by Marcovdz via Flickr\n\t\t\t\t<\/dd><\/dl><dl class='gallery-item'>\n\t\t\t<dt class='gallery-icon landscape'>\n\t\t\t\t<a href='https:\/\/ecobnb.com\/blog\/2014\/12\/sea-winter-new-years-eve\/una-tersa-mattina-di-inverno-ideale-per-una-corroborante-passeggiata-in-riva-al-mare-fotografia-di-davide-del-monte-via-flickr\/#main'><img width=\"270\" height=\"200\" src=\"https:\/\/ecobnb.com\/blog\/app\/uploads\/sites\/3\/2014\/12\/Una-tersa-mattina-di-inverno-ideale-per-una-corroborante-passeggiata-in-riva-al-mare-fotografia-di-Davide-Del-Monte-via-Flickr-270x200.jpg\" class=\"attachment-thumbnail size-thumbnail\" alt=\"Clear sky over the sea\" aria-describedby=\"gallery-1-4950\" \/><\/a>\n\t\t\t<\/dt>\n\t\t\t\t<dd class='wp-caption-text gallery-caption' id='gallery-1-4950'>\n\t\t\t\tClear sky on the sea in front of Rimini photography by Davide Del Monte via Flickr\n\t\t\t\t<\/dd><\/dl><br style=\"clear: both\" \/>\n\t\t<\/div>\n\n<h2><strong>A real Christmas village<\/strong><\/h2>\n<p>Scicli, a small town not far from Ragusa in the east of Sicily, is the perfect destination if you want to go to the sea on winter time but don\u2019t want to risk the quick changes in the weather that make even short walks on the beach impossible.<br \/>\nThe whole town has been transformed into a <strong>Christmas village with lights and decorations on every corner<\/strong>.<br \/>\nSome local buildings will remain open throughout the holiday season and will house special events and exhibitions.<br \/>\nA special <strong>\u201cChistmas village\u201d itinerary<\/strong> has been created by the local community, too: many families have prepared a Christmas Village in unusual locations, with the help of little statues.<br \/>\nThe Marinero family has a long tradition of preparing the Christmas village in the \u201cGrotta delle cento scale\u201d (The 100-stair cave), a small passage excavated in the rock, that leads to a water source.<br \/>\nThe Baroness Adalgisa Penna will proudly show you her village where some pieces date back to the XIX century.<br \/>\nFor more info contact Barbara at info@ragusaospitalitadiffusa.it or tel. +39 3355372142<br \/>\nOur favourite hotel in Scicli is <a href=\"https:\/\/ecobnb.it\/ragusa\/albergo-diffuso\/scicli\" target=\"_blank\">Albergo Diffuso Scicli<\/a><\/p>\n\n\t\t<style type=\"text\/css\">\n\t\t\t#gallery-2 {\n\t\t\t\tmargin: auto;\n\t\t\t}\n\t\t\t#gallery-2 .gallery-item {\n\t\t\t\tfloat: left;\n\t\t\t\tmargin-top: 10px;\n\t\t\t\ttext-align: center;\n\t\t\t\twidth: 33%;\n\t\t\t}\n\t\t\t#gallery-2 img {\n\t\t\t\tborder: 2px solid #cfcfcf;\n\t\t\t}\n\t\t\t#gallery-2 .gallery-caption {\n\t\t\t\tmargin-left: 0;\n\t\t\t}\n\t\t\t\/* see gallery_shortcode() in wp-includes\/media.php *\/\n\t\t<\/style>\n\t\t<div id='gallery-2' class='gallery galleryid-4942 gallery-columns-3 gallery-size-thumbnail'><dl class='gallery-item'>\n\t\t\t<dt class='gallery-icon landscape'>\n\t\t\t\t<a href='https:\/\/ecobnb.com\/blog\/2014\/12\/sea-winter-new-years-eve\/ragusa-ibla-di-notte-quasi-un-presepio-fotografia-di-la-casa-di-matilde\/#main'><img width=\"270\" height=\"200\" src=\"https:\/\/ecobnb.com\/blog\/app\/uploads\/sites\/3\/2014\/12\/Ragusa-ibla-di-notte-quasi-un-presepio-fotografia-di-la-Casa-di-Matilde-270x200.jpg\" class=\"attachment-thumbnail size-thumbnail\" alt=\"Ragusa by night\" aria-describedby=\"gallery-2-4954\" \/><\/a>\n\t\t\t<\/dt>\n\t\t\t\t<dd class='wp-caption-text gallery-caption' id='gallery-2-4954'>\n\t\t\t\tA Baroque detail in Scicli, photography by Giovanni via Flickr\n\t\t\t\t<\/dd><\/dl><dl class='gallery-item'>\n\t\t\t<dt class='gallery-icon landscape'>\n\t\t\t\t<a href='https:\/\/ecobnb.com\/blog\/2014\/12\/sea-winter-new-years-eve\/un-dettaglio-del-barocco-di-scicli-e-della-zona-patrimonio-unesco-fotografia-di-giovanni-via-flickr\/#main'><img width=\"270\" height=\"200\" src=\"https:\/\/ecobnb.com\/blog\/app\/uploads\/sites\/3\/2014\/12\/Un-dettaglio-del-Barocco-di-Scicli-e-della-zona-patrimonio-Unesco-fotografia-di-Giovanni-via-Flickr-270x200.jpg\" class=\"attachment-thumbnail size-thumbnail\" alt=\"A Baroque detail\" aria-describedby=\"gallery-2-4955\" \/><\/a>\n\t\t\t<\/dt>\n\t\t\t\t<dd class='wp-caption-text gallery-caption' id='gallery-2-4955'>\n\t\t\t\tA Baroque detail in Scicli, photography by Giovanni via Flickr\n\t\t\t\t<\/dd><\/dl><dl class='gallery-item'>\n\t\t\t<dt class='gallery-icon landscape'>\n\t\t\t\t<a href='https:\/\/ecobnb.com\/blog\/2014\/12\/sea-winter-new-years-eve\/i-tetti-di-scicli-fotografia-di-cristina-via-flickr\/#main'><img width=\"270\" height=\"200\" src=\"https:\/\/ecobnb.com\/blog\/app\/uploads\/sites\/3\/2014\/12\/I-tetti-di-Scicli-fotografia-di-Cristina-via-Flickr-270x200.jpg\" class=\"attachment-thumbnail size-thumbnail\" alt=\"Roofs\" aria-describedby=\"gallery-2-4953\" \/><\/a>\n\t\t\t<\/dt>\n\t\t\t\t<dd class='wp-caption-text gallery-caption' id='gallery-2-4953'>\n\t\t\t\tView over the roofs of scicli by night photography by Cristina via Flickr\n\t\t\t\t<\/dd><\/dl><br style=\"clear: both\" \/>\n\t\t<\/div>\n\n<h2><strong>A road trip through the hills of Le Marche<\/strong><\/h2>\n<p>The sea in winter&#8230;and more if you are heading for Riviera del Conero in the Marche region.<br \/>\nWhen the weather is good, you can get to <strong>walk along isolated sandy or rocky beaches<\/strong>, with only the sea and the person you\u2019re with for company.<br \/>\nWatch out for what the waves bring to the seashore, as it might be a sign for your 2015: a bleached tree trunk? A message in a bottle? Perhaps a big flat stone to keep as a table centrepiece for your next dinner with friends and&#8230; tell them the story of when you were walking alone along a picturesque Italian beach.<br \/>\nAnd if it starts to rain, no problem!<br \/>\nJust take the opportunity to visit the small and enigmatic churches in white stone in one of the many villages along the Riviera.<br \/>\nOur favourite one is <strong>Santa Maria di Portonuovo<\/strong>, in Portonuovo: a small white chapel dedicated to Saint Mary the protector.<br \/>\nWhere to stay? <a href=\"https:\/\/ecobnb.it\/ancona\/hotel\/acanto-country-house\" target=\"_blank\">Acanto Country House<\/a><\/p>\n\n\t\t<style type=\"text\/css\">\n\t\t\t#gallery-3 {\n\t\t\t\tmargin: auto;\n\t\t\t}\n\t\t\t#gallery-3 .gallery-item {\n\t\t\t\tfloat: left;\n\t\t\t\tmargin-top: 10px;\n\t\t\t\ttext-align: center;\n\t\t\t\twidth: 33%;\n\t\t\t}\n\t\t\t#gallery-3 img {\n\t\t\t\tborder: 2px solid #cfcfcf;\n\t\t\t}\n\t\t\t#gallery-3 .gallery-caption {\n\t\t\t\tmargin-left: 0;\n\t\t\t}\n\t\t\t\/* see gallery_shortcode() in wp-includes\/media.php *\/\n\t\t<\/style>\n\t\t<div id='gallery-3' class='gallery galleryid-4942 gallery-columns-3 gallery-size-thumbnail'><dl class='gallery-item'>\n\t\t\t<dt class='gallery-icon landscape'>\n\t\t\t\t<a href='https:\/\/ecobnb.com\/blog\/2014\/12\/sea-winter-new-years-eve\/lunghe-passeggiate-lungo-il-bagnasciuga-in-inverno-fotografia-via-unsplash\/#main'><img width=\"270\" height=\"200\" src=\"https:\/\/ecobnb.com\/blog\/app\/uploads\/sites\/3\/2014\/12\/Lunghe-passeggiate-lungo-il-bagnasciuga-in-inverno-fotografia-via-Unsplash-270x200.jpg\" class=\"attachment-thumbnail size-thumbnail\" alt=\"Sea at winter\" aria-describedby=\"gallery-3-4957\" \/><\/a>\n\t\t\t<\/dt>\n\t\t\t\t<dd class='wp-caption-text gallery-caption' id='gallery-3-4957'>\n\t\t\t\tSea at winter time photography by Gratisography\n\t\t\t\t<\/dd><\/dl><dl class='gallery-item'>\n\t\t\t<dt class='gallery-icon landscape'>\n\t\t\t\t<a href='https:\/\/ecobnb.com\/blog\/2014\/12\/sea-winter-new-years-eve\/la-magia-del-mare-in-inverno-fotografia-via-gratisography\/#main'><img width=\"270\" height=\"200\" src=\"https:\/\/ecobnb.com\/blog\/app\/uploads\/sites\/3\/2014\/12\/La-magia-del-mare-in-inverno-fotografia-via-Gratisography-270x200.jpg\" class=\"attachment-thumbnail size-thumbnail\" alt=\"Sea at winter time\" aria-describedby=\"gallery-3-4958\" \/><\/a>\n\t\t\t<\/dt>\n\t\t\t\t<dd class='wp-caption-text gallery-caption' id='gallery-3-4958'>\n\t\t\t\tSea at winter time photography by Gratisography\n\t\t\t\t<\/dd><\/dl><dl class='gallery-item'>\n\t\t\t<dt class='gallery-icon landscape'>\n\t\t\t\t<a href='https:\/\/ecobnb.com\/blog\/2014\/12\/sea-winter-new-years-eve\/il-mare-in-inverno-fotografia-via-pexels\/#main'><img width=\"270\" height=\"200\" src=\"https:\/\/ecobnb.com\/blog\/app\/uploads\/sites\/3\/2014\/12\/Il-mare-in-inverno-fotografia-via-Pexels-270x200.jpg\" class=\"attachment-thumbnail size-thumbnail\" alt=\"Bright day at the seaside\" aria-describedby=\"gallery-3-4956\" \/><\/a>\n\t\t\t<\/dt>\n\t\t\t\t<dd class='wp-caption-text gallery-caption' id='gallery-3-4956'>\n\t\t\t\tBright days in winter time photography via Pexels\n\t\t\t\t<\/dd><\/dl><br style=\"clear: both\" \/>\n\t\t<\/div>\n\n<h2><strong>The Salerno lights and the ruins of Paestum&#8230;<\/strong><\/h2>\n<p>Though not as popular as the Amalfi Coast, the Cilento area was awarded \u201cUnesco world heritage&#8221; status a few years ago.<br \/>\nA stay in Cilento will open up limitless opportunities:<\/p>\n<ul>\n<li>Shopping in Amalfi: visit the shops while avoiding the summer crowd and see the new trends for Spring\/ Summer 2015<\/li>\n<li>Visit Salerno and its lights: for a few years now, artists and performers have been invited to cover the city streets and main squares with their work. The city shines with a magical atmosphere..<br \/>\nAs well as last year\u2019s 16 installations, five new works have been added:<br \/>\nAurora boreale,<br \/>\nCenerentola,<br \/>\nPeter Pan<br \/>\nOrsa tra i ghiacci<br \/>\nGli Angeli.<\/li>\n<li>The antique ruins of Paestum and Velia&gt;\/li&gt;<\/li>\n<li>La Certosa di Padula, one of the largest religious buildings in Europe.<br \/>\nBuilding started in the XIV century and was completed in the XVIII century.<br \/>\nInfo +39 0975 77745\/ &#8211; 77552&gt;\/li&gt;<\/li>\n<\/ul>\n<p>Your stay in Salerno? <a href=\"https:\/\/ecobnb.it\/salerno\/residence-o-appartamento\/residence-ancora\" target=\"_blank\">Residence Ancora<\/a><\/p>\n\n\t\t<style type=\"text\/css\">\n\t\t\t#gallery-4 {\n\t\t\t\tmargin: auto;\n\t\t\t}\n\t\t\t#gallery-4 .gallery-item {\n\t\t\t\tfloat: left;\n\t\t\t\tmargin-top: 10px;\n\t\t\t\ttext-align: center;\n\t\t\t\twidth: 33%;\n\t\t\t}\n\t\t\t#gallery-4 img {\n\t\t\t\tborder: 2px solid #cfcfcf;\n\t\t\t}\n\t\t\t#gallery-4 .gallery-caption {\n\t\t\t\tmargin-left: 0;\n\t\t\t}\n\t\t\t\/* see gallery_shortcode() in wp-includes\/media.php *\/\n\t\t<\/style>\n\t\t<div id='gallery-4' class='gallery galleryid-4942 gallery-columns-3 gallery-size-thumbnail'><dl class='gallery-item'>\n\t\t\t<dt class='gallery-icon landscape'>\n\t\t\t\t<a href='https:\/\/ecobnb.com\/blog\/2014\/12\/sea-winter-new-years-eve\/gli-scavi-e-le-rovine-di-paestum-fotografia-di-pa-arse-via-flickr\/#main'><img width=\"270\" height=\"200\" src=\"https:\/\/ecobnb.com\/blog\/app\/uploads\/sites\/3\/2014\/12\/Gli-scavi-e-le-rovine-di-Paestum-fotografia-di-PA-Arse-via-Flickr-270x200.jpg\" class=\"attachment-thumbnail size-thumbnail\" alt=\"Paestum ruins\" aria-describedby=\"gallery-4-4959\" \/><\/a>\n\t\t\t<\/dt>\n\t\t\t\t<dd class='wp-caption-text gallery-caption' id='gallery-4-4959'>\n\t\t\t\tPaestum ruins photography by PA Arse via Flickr\n\t\t\t\t<\/dd><\/dl><dl class='gallery-item'>\n\t\t\t<dt class='gallery-icon landscape'>\n\t\t\t\t<a href='https:\/\/ecobnb.com\/blog\/2014\/12\/sea-winter-new-years-eve\/salerno-e-le-sue-lucidartista-di-notte-fotografia-di-giovanni-via-flickr\/#main'><img width=\"270\" height=\"200\" src=\"https:\/\/ecobnb.com\/blog\/app\/uploads\/sites\/3\/2014\/12\/Salerno-e-le-sue-lucidartista-di-notte-fotografia-di-Giovanni-via-Flickr-270x200.jpg\" class=\"attachment-thumbnail size-thumbnail\" alt=\"Artist light work\" aria-describedby=\"gallery-4-4961\" \/><\/a>\n\t\t\t<\/dt>\n\t\t\t\t<dd class='wp-caption-text gallery-caption' id='gallery-4-4961'>\n\t\t\t\tSalerno and the artist lights photography by Giovanni via Flickr\n\t\t\t\t<\/dd><\/dl><dl class='gallery-item'>\n\t\t\t<dt class='gallery-icon landscape'>\n\t\t\t\t<a href='https:\/\/ecobnb.com\/blog\/2014\/12\/sea-winter-new-years-eve\/certosa-di-pasula-con-isuoi-12-000-metri-quadrati-una-delle-piu-grandi-deuropa-fotografia-di-hillman54\/#main'><img width=\"270\" height=\"200\" src=\"https:\/\/ecobnb.com\/blog\/app\/uploads\/sites\/3\/2014\/12\/Certosa-di-Pasula-con-isuoi-12.000-metri-quadrati-una-delle-pi\u00f9-grandi-dEuropa-fotografia-di-hillman54-270x200.jpg\" class=\"attachment-thumbnail size-thumbnail\" alt=\"Certosa Padula\" aria-describedby=\"gallery-4-4951\" \/><\/a>\n\t\t\t<\/dt>\n\t\t\t\t<dd class='wp-caption-text gallery-caption' id='gallery-4-4951'>\n\t\t\t\tCertosa di Padula, the main cloister is  12,000 sq meter wide photography by hillman54\n\t\t\t\t<\/dd><\/dl><br style=\"clear: both\" \/>\n\t\t<\/div>\n\n<h4><strong>You may also like<\/strong><\/h4>\n<h4><a href=\"https:\/\/ecobnb.com\/blog\/2013\/12\/turin-biking-lights\/\" target=\"_blank\">Biking under a blanket of \u2026lights, in Turin!<\/a><\/h4>\n<h4><a href=\"https:\/\/ecobnb.com\/blog\/2014\/12\/natural-skiing-dog-sledding-tobogganing\/\" target=\"_blank\">Natural Skiing, Dog sledding, or Tobogganing?<\/a><\/h4>\n<h4><a href=\"https:\/\/ecobnb.com\/blog\/2013\/12\/christmas-markets-south-italy\/\" target=\"_blank\">Find out Christmas markets in the south of Italy!<\/a><\/h4>\n","protected":false},"excerpt":{"rendered":"<p>Rimini all year round A favourite destination for Italian and Nordic teens, well known for its brilliant, lively summer season, Rimini has massively invested in trying to extend its seasonal attraction or, at least, in gaining a reputation as a destination for festive holidays. The name of the New Year\u2019s Eve 2015 programme is symbolic [&hellip;]<\/p>\n","protected":false},"author":13,"featured_media":4989,"comment_status":"closed","ping_status":"open","sticky":false,"template":"","format":"standard","meta":[],"categories":[6],"tags":[979,981,980,394,115,692,690,69,414],"acf":[],"yoast_head":"<!-- This site is optimized with the Yoast SEO plugin v19.9 - https:\/\/yoast.com\/wordpress\/plugins\/seo\/ -->\n<title>Sea in winter: 4 Italian off the beaten track destinations - Ecobnb<\/title>\n<meta name=\"description\" content=\"Forget about the Caribbean and the Maldives and discover the Italian sea in winter: romantic walks on the beach, art visits and Christmas villages.\" \/>\n<meta name=\"robots\" content=\"index, follow, max-snippet:-1, max-image-preview:large, max-video-preview:-1\" \/>\n<link rel=\"canonical\" href=\"https:\/\/ecobnb.com\/blog\/2014\/12\/sea-winter-new-years-eve\/\" \/>\n<meta property=\"og:locale\" content=\"en_US\" \/>\n<meta property=\"og:type\" content=\"article\" \/>\n<meta property=\"og:title\" content=\"Sea in winter: 4 Italian off the beaten track destinations - Ecobnb\" \/>\n<meta property=\"og:description\" content=\"Forget about the Caribbean and the Maldives and discover the Italian sea in winter: romantic walks on the beach, art visits and Christmas villages.\" \/>\n<meta property=\"og:url\" content=\"https:\/\/ecobnb.com\/blog\/2014\/12\/sea-winter-new-years-eve\/\" \/>\n<meta property=\"og:site_name\" content=\"Ecobnb\" \/>\n<meta property=\"article:publisher\" content=\"https:\/\/www.facebook.com\/ecobnb\" \/>\n<meta property=\"article:published_time\" content=\"2014-12-27T15:41:46+00:00\" \/>\n<meta property=\"article:modified_time\" content=\"2014-12-27T15:44:30+00:00\" \/>\n<meta property=\"og:image\" content=\"https:\/\/ecobnb.com\/blog\/app\/uploads\/sites\/3\/2014\/12\/sea-maurice-res.jpg\" \/>\n\t<meta property=\"og:image:width\" content=\"1170\" \/>\n\t<meta property=\"og:image:height\" content=\"490\" \/>\n\t<meta property=\"og:image:type\" content=\"image\/jpeg\" \/>\n<meta name=\"author\" content=\"Cristiana Pedrali\" \/>\n<meta name=\"twitter:card\" content=\"summary_large_image\" \/>\n<meta name=\"twitter:creator\" content=\"@CriPedrali\" \/>\n<meta name=\"twitter:site\" content=\"@ecobnb\" \/>\n<meta name=\"twitter:label1\" content=\"Written by\" \/>\n\t<meta name=\"twitter:data1\" content=\"Cristiana Pedrali\" \/>\n\t<meta name=\"twitter:label2\" content=\"Est. reading time\" \/>\n\t<meta name=\"twitter:data2\" content=\"4 minutes\" \/>\n<!-- \/ Yoast SEO plugin. -->","yoast_head_json":{"title":"Sea in winter: 4 Italian off the beaten track destinations - Ecobnb","description":"Forget about the Caribbean and the Maldives and discover the Italian sea in winter: romantic walks on the beach, art visits and Christmas villages.","robots":{"index":"index","follow":"follow","max-snippet":"max-snippet:-1","max-image-preview":"max-image-preview:large","max-video-preview":"max-video-preview:-1"},"canonical":"https:\/\/ecobnb.com\/blog\/2014\/12\/sea-winter-new-years-eve\/","og_locale":"en_US","og_type":"article","og_title":"Sea in winter: 4 Italian off the beaten track destinations - Ecobnb","og_description":"Forget about the Caribbean and the Maldives and discover the Italian sea in winter: romantic walks on the beach, art visits and Christmas villages.","og_url":"https:\/\/ecobnb.com\/blog\/2014\/12\/sea-winter-new-years-eve\/","og_site_name":"Ecobnb","article_publisher":"https:\/\/www.facebook.com\/ecobnb","article_published_time":"2014-12-27T15:41:46+00:00","article_modified_time":"2014-12-27T15:44:30+00:00","og_image":[{"width":1170,"height":490,"url":"https:\/\/ecobnb.com\/blog\/app\/uploads\/sites\/3\/2014\/12\/sea-maurice-res.jpg","type":"image\/jpeg"}],"author":"Cristiana Pedrali","twitter_card":"summary_large_image","twitter_creator":"@CriPedrali","twitter_site":"@ecobnb","twitter_misc":{"Written by":"Cristiana Pedrali","Est. reading time":"4 minutes"},"schema":{"@context":"https:\/\/schema.org","@graph":[{"@type":"Article","@id":"https:\/\/ecobnb.com\/blog\/2014\/12\/sea-winter-new-years-eve\/#article","isPartOf":{"@id":"https:\/\/ecobnb.com\/blog\/2014\/12\/sea-winter-new-years-eve\/"},"author":{"name":"Cristiana Pedrali","@id":"https:\/\/ecobnb.com\/blog\/#\/schema\/person\/1d331edc9a95aa57b2f43c890b86a406"},"headline":"Sea in winter: 4 Italian off the beaten track destinations","datePublished":"2014-12-27T15:41:46+00:00","dateModified":"2014-12-27T15:44:30+00:00","mainEntityOfPage":{"@id":"https:\/\/ecobnb.com\/blog\/2014\/12\/sea-winter-new-years-eve\/"},"wordCount":715,"publisher":{"@id":"https:\/\/ecobnb.com\/blog\/#organization"},"keywords":["Acanto Country House","Albergo Diffuso Scicli","Albergo La Giocosa","Campania","Emilia Romagna","Marche","residence Ancora","Sicily","traditions"],"articleSection":["weekend"],"inLanguage":"en-US"},{"@type":"WebPage","@id":"https:\/\/ecobnb.com\/blog\/2014\/12\/sea-winter-new-years-eve\/","url":"https:\/\/ecobnb.com\/blog\/2014\/12\/sea-winter-new-years-eve\/","name":"Sea in winter: 4 Italian off the beaten track destinations - Ecobnb","isPartOf":{"@id":"https:\/\/ecobnb.com\/blog\/#website"},"datePublished":"2014-12-27T15:41:46+00:00","dateModified":"2014-12-27T15:44:30+00:00","description":"Forget about the Caribbean and the Maldives and discover the Italian sea in winter: romantic walks on the beach, art visits and Christmas villages.","inLanguage":"en-US","potentialAction":[{"@type":"ReadAction","target":["https:\/\/ecobnb.com\/blog\/2014\/12\/sea-winter-new-years-eve\/"]}]},{"@type":"WebSite","@id":"https:\/\/ecobnb.com\/blog\/#website","url":"https:\/\/ecobnb.com\/blog\/","name":"Ecobnb","description":"Find sustainable accommodation","publisher":{"@id":"https:\/\/ecobnb.com\/blog\/#organization"},"potentialAction":[{"@type":"SearchAction","target":{"@type":"EntryPoint","urlTemplate":"https:\/\/ecobnb.com\/blog\/?s={search_term_string}"},"query-input":"required name=search_term_string"}],"inLanguage":"en-US"},{"@type":"Organization","@id":"https:\/\/ecobnb.com\/blog\/#organization","name":"Ecobnb","url":"https:\/\/ecobnb.com\/blog\/","logo":{"@type":"ImageObject","inLanguage":"en-US","@id":"https:\/\/ecobnb.com\/blog\/#\/schema\/logo\/image\/","url":"https:\/\/ecobnb.com\/blog\/app\/uploads\/sites\/3\/2016\/03\/logo_transparent_512x512.png","contentUrl":"https:\/\/ecobnb.com\/blog\/app\/uploads\/sites\/3\/2016\/03\/logo_transparent_512x512.png","width":512,"height":512,"caption":"Ecobnb"},"image":{"@id":"https:\/\/ecobnb.com\/blog\/#\/schema\/logo\/image\/"},"sameAs":["https:\/\/www.facebook.com\/ecobnb","https:\/\/twitter.com\/ecobnb"]},{"@type":"Person","@id":"https:\/\/ecobnb.com\/blog\/#\/schema\/person\/1d331edc9a95aa57b2f43c890b86a406","name":"Cristiana Pedrali","image":{"@type":"ImageObject","inLanguage":"en-US","@id":"https:\/\/ecobnb.com\/blog\/#\/schema\/person\/image\/","url":"https:\/\/secure.gravatar.com\/avatar\/96eb92a9db72dfb627f9abf1bf1d4625?s=96&d=monsterid&r=g","contentUrl":"https:\/\/secure.gravatar.com\/avatar\/96eb92a9db72dfb627f9abf1bf1d4625?s=96&d=monsterid&r=g","caption":"Cristiana Pedrali"},"description":"\"Amare il proprio lavoro \u00e8 la cosa che si avvicina di pi\u00f9 alla felicit\u00e0 sulla terra\" (Rita Levi Montalcini) e \".. perch\u00e8 quando le persone vere cadono nella vita reale si rimettono in piedi e riprendono a camminare\" (Carrie Bradshaw \"Sex and the city\"): questi sono i miei due mantra. Io sono un p\u00f2 cos\u00ec: mi muovo tra il serio ed il faceto per restare a galla tra mille interessi ed impegni e riuscire a sorridere. Ho lavorato e lavoro nel settore del turismo e del web ed ogni tanto cerco un p\u00f2 di ossigeno nella scrittura e nei viaggi!","sameAs":["https:\/\/twitter.com\/CriPedrali"],"url":"https:\/\/ecobnb.com\/blog\/author\/cristiana\/"}]}},"_links":{"self":[{"href":"https:\/\/ecobnb.com\/blog\/wp-json\/wp\/v2\/posts\/4942"}],"collection":[{"href":"https:\/\/ecobnb.com\/blog\/wp-json\/wp\/v2\/posts"}],"about":[{"href":"https:\/\/ecobnb.com\/blog\/wp-json\/wp\/v2\/types\/post"}],"author":[{"embeddable":true,"href":"https:\/\/ecobnb.com\/blog\/wp-json\/wp\/v2\/users\/13"}],"replies":[{"embeddable":true,"href":"https:\/\/ecobnb.com\/blog\/wp-json\/wp\/v2\/comments?post=4942"}],"version-history":[{"count":16,"href":"https:\/\/ecobnb.com\/blog\/wp-json\/wp\/v2\/posts\/4942\/revisions"}],"predecessor-version":[{"id":4990,"href":"https:\/\/ecobnb.com\/blog\/wp-json\/wp\/v2\/posts\/4942\/revisions\/4990"}],"wp:featuredmedia":[{"embeddable":true,"href":"https:\/\/ecobnb.com\/blog\/wp-json\/wp\/v2\/media\/4989"}],"wp:attachment":[{"href":"https:\/\/ecobnb.com\/blog\/wp-json\/wp\/v2\/media?parent=4942"}],"wp:term":[{"taxonomy":"category","embeddable":true,"href":"https:\/\/ecobnb.com\/blog\/wp-json\/wp\/v2\/categories?post=4942"},{"taxonomy":"post_tag","embeddable":true,"href":"https:\/\/ecobnb.com\/blog\/wp-json\/wp\/v2\/tags?post=4942"}],"curies":[{"name":"wp","href":"https:\/\/api.w.org\/{rel}","templated":true}]}}