{"id":15412,"date":"2021-02-24T08:00:19","date_gmt":"2021-02-24T07:00:19","guid":{"rendered":"https:\/\/ecobnb.com\/blog\/?p=15412"},"modified":"2021-02-19T17:05:28","modified_gmt":"2021-02-19T16:05:28","slug":"green-holiday-natural-parks-dolomites","status":"publish","type":"post","link":"https:\/\/ecobnb.com\/blog\/2021\/02\/green-holiday-natural-parks-dolomites\/","title":{"rendered":"Green holiday between the two most beautiful natural parks in the Dolomites"},"content":{"rendered":"<h2>Get ready for an unforgettable green holiday in South Tyrol, between the Fanes-Senes-Braies and the Puez-Odle nature parks to explore the wonders of the Dolomites and discover the Ladin culture.<\/h2>\n<div id=\"attachment_15414\" class=\"thumbnail alignnone\"><img class=\"size-large wp-image-15414\" src=\"https:\/\/ecobnb.com\/blog\/app\/uploads\/sites\/3\/2017\/08\/34631092375_23fe1b5a11_k-870x490.jpg\" alt=\"Braies Lake, Dolomites\" width=\"870\" height=\"490\" srcset=\"https:\/\/ecobnb.com\/blog\/app\/uploads\/sites\/3\/2017\/08\/34631092375_23fe1b5a11_k-870x490.jpg 870w, https:\/\/ecobnb.com\/blog\/app\/uploads\/sites\/3\/2017\/08\/34631092375_23fe1b5a11_k-570x320.jpg 570w\" sizes=\"(max-width: 870px) 100vw, 870px\" \/><div class=\"caption\">Photo by Robert J Heath via Flickr<\/div><\/div>\n<p>The <strong>karstic landscapes<\/strong> of the Fanes-Senes-Braies nature park that always surprise you, the magical <strong>Lake<\/strong> of <strong>Braies<\/strong>, the <strong>nature trail<\/strong> of Zannes, also available by\u00a0wheelchair, and then <strong>250 kilometers<\/strong> of <strong>bike paths<\/strong> and the Ladin Culture Museum in <strong>San Martino<\/strong> <strong>in<\/strong> <strong>Badia<\/strong>: this is the holiday that awaits you in this magical corner of <strong>South Tyrol,<\/strong> between a spectacular nature and a culture to discover.<\/p>\n\n\t\t<style type=\"text\/css\">\n\t\t\t#gallery-1 {\n\t\t\t\tmargin: auto;\n\t\t\t}\n\t\t\t#gallery-1 .gallery-item {\n\t\t\t\tfloat: left;\n\t\t\t\tmargin-top: 10px;\n\t\t\t\ttext-align: center;\n\t\t\t\twidth: 33%;\n\t\t\t}\n\t\t\t#gallery-1 img {\n\t\t\t\tborder: 2px solid #cfcfcf;\n\t\t\t}\n\t\t\t#gallery-1 .gallery-caption {\n\t\t\t\tmargin-left: 0;\n\t\t\t}\n\t\t\t\/* see gallery_shortcode() in wp-includes\/media.php *\/\n\t\t<\/style>\n\t\t<div id='gallery-1' class='gallery galleryid-15412 gallery-columns-3 gallery-size-thumbnail'><dl class='gallery-item'>\n\t\t\t<dt class='gallery-icon landscape'>\n\t\t\t\t<a href='https:\/\/ecobnb.com\/blog\/2021\/02\/green-holiday-natural-parks-dolomites\/8615906721_a40069b4a4_h\/#main'><img width=\"270\" height=\"200\" src=\"https:\/\/ecobnb.com\/blog\/app\/uploads\/sites\/3\/2017\/08\/8615906721_a40069b4a4_h-270x200.jpg\" class=\"attachment-thumbnail size-thumbnail\" alt=\"Dolomites\" aria-describedby=\"gallery-1-15418\" \/><\/a>\n\t\t\t<\/dt>\n\t\t\t\t<dd class='wp-caption-text gallery-caption' id='gallery-1-15418'>\n\t\t\t\tPhoto by JM Fumeau via Flickr\n\t\t\t\t<\/dd><\/dl><dl class='gallery-item'>\n\t\t\t<dt class='gallery-icon landscape'>\n\t\t\t\t<a href='https:\/\/ecobnb.com\/blog\/2021\/02\/green-holiday-natural-parks-dolomites\/2782427770_5889d6d032_b\/#main'><img width=\"270\" height=\"200\" src=\"https:\/\/ecobnb.com\/blog\/app\/uploads\/sites\/3\/2017\/08\/2782427770_5889d6d032_b-270x200.jpg\" class=\"attachment-thumbnail size-thumbnail\" alt=\"Ladin culture in the Dolomites\" aria-describedby=\"gallery-1-15417\" \/><\/a>\n\t\t\t<\/dt>\n\t\t\t\t<dd class='wp-caption-text gallery-caption' id='gallery-1-15417'>\n\t\t\t\tPhoto by Giovanni via Flickr \n\t\t\t\t<\/dd><\/dl><dl class='gallery-item'>\n\t\t\t<dt class='gallery-icon landscape'>\n\t\t\t\t<a href='https:\/\/ecobnb.com\/blog\/2021\/02\/green-holiday-natural-parks-dolomites\/2338577232_e04fbe925e_b\/#main'><img width=\"270\" height=\"200\" src=\"https:\/\/ecobnb.com\/blog\/app\/uploads\/sites\/3\/2017\/08\/2338577232_e04fbe925e_b-270x200.jpg\" class=\"attachment-thumbnail size-thumbnail\" alt=\"Dolomites landscapes\" aria-describedby=\"gallery-1-15415\" \/><\/a>\n\t\t\t<\/dt>\n\t\t\t\t<dd class='wp-caption-text gallery-caption' id='gallery-1-15415'>\n\t\t\t\tPhoto by Francesco Carrani via Flickr\n\t\t\t\t<\/dd><\/dl><br style=\"clear: both\" \/>\n\t\t<\/div>\n\n<p>Not everyone knows it, but in this corner of South Tyrol there are still people who\u00a0speak a much <strong>older language<\/strong> than Italian and pass on from generation to generation old <strong>traditions<\/strong> and customs. We are talking about the Ladies of the <strong>Dolomites<\/strong>, a people proud of their identity and traditions, who lives in the four valleys around the Sella Group (Val Badia, Val Gardena, Val di Fassa, Livinallongo Valley), Colle Santa Lucia and in the Ampezzan basin (Cortina).<\/p>\n<p><img class=\"alignnone size-large wp-image-15413\" src=\"https:\/\/ecobnb.com\/blog\/app\/uploads\/sites\/3\/2017\/08\/cdp-almabtrieb-2007-8-870x490.jpg\" alt=\"cdp---almabtrieb-2007-(8)\" width=\"870\" height=\"490\" srcset=\"https:\/\/ecobnb.com\/blog\/app\/uploads\/sites\/3\/2017\/08\/cdp-almabtrieb-2007-8-870x490.jpg 870w, https:\/\/ecobnb.com\/blog\/app\/uploads\/sites\/3\/2017\/08\/cdp-almabtrieb-2007-8-570x320.jpg 570w\" sizes=\"(max-width: 870px) 100vw, 870px\" \/><\/p>\n<p>To explore the scenery of the <strong>Dolomites<\/strong> and to breathe the <strong>Ladin culture,<\/strong> my suggestion is to start discovering <strong>San Vigilio di Marebbe<\/strong> and <strong>San Martino in<\/strong> <strong>Badia<\/strong>, which represent the Ladin part of the tourist region of <strong>Plan de<\/strong> <strong>Corones<\/strong>. The two picturesque villages are located between two of the most beautiful natural parks of the Dolomites, the Fanes-Senes-Braies nature park and the Puez-Odle park. They offer numerous <strong>hiking<\/strong> <strong>opportunities<\/strong>, a ski area and a chance to discover Ladin culture in the <strong>museum<\/strong> housed in \u0106iastel de Tor in San Martino and the Ladin Institute &#8220;Micur\u00e0 de R\u00fc&#8221;. The two resorts are immersed in <strong>wild<\/strong> and <strong>uncontaminated landscapes<\/strong> that will surprise every type of traveler and offer the chance to fully experience the Ladin culture, discovering its typical warm welcome, the <strong>cuisine<\/strong> that can create superb dishes starting from poor ingredients, the old trades and crafts and the often difficult life of the Dolomites.<\/p>\n<h2>A green holiday between the Dolomites<\/h2>\n\n\t\t<style type=\"text\/css\">\n\t\t\t#gallery-2 {\n\t\t\t\tmargin: auto;\n\t\t\t}\n\t\t\t#gallery-2 .gallery-item {\n\t\t\t\tfloat: left;\n\t\t\t\tmargin-top: 10px;\n\t\t\t\ttext-align: center;\n\t\t\t\twidth: 33%;\n\t\t\t}\n\t\t\t#gallery-2 img {\n\t\t\t\tborder: 2px solid #cfcfcf;\n\t\t\t}\n\t\t\t#gallery-2 .gallery-caption {\n\t\t\t\tmargin-left: 0;\n\t\t\t}\n\t\t\t\/* see gallery_shortcode() in wp-includes\/media.php *\/\n\t\t<\/style>\n\t\t<div id='gallery-2' class='gallery galleryid-15412 gallery-columns-3 gallery-size-thumbnail'><dl class='gallery-item'>\n\t\t\t<dt class='gallery-icon landscape'>\n\t\t\t\t<a href='https:\/\/ecobnb.com\/blog\/2021\/02\/green-holiday-natural-parks-dolomites\/f1a2424e0bdac903b7bd6f7053699d4a972084bf\/#main'><img width=\"270\" height=\"200\" src=\"https:\/\/ecobnb.com\/blog\/app\/uploads\/sites\/3\/2017\/08\/f1a2424e0bdac903b7bd6f7053699d4a972084bf-270x200.jpeg\" class=\"attachment-thumbnail size-thumbnail\" alt=\"A green holiday between the Dolomites\" \/><\/a>\n\t\t\t<\/dt><\/dl><dl class='gallery-item'>\n\t\t\t<dt class='gallery-icon landscape'>\n\t\t\t\t<a href='https:\/\/ecobnb.com\/blog\/2021\/02\/green-holiday-natural-parks-dolomites\/8c575787b7f81b6713e61d801a2378dea7c331f4\/#main'><img width=\"270\" height=\"200\" src=\"https:\/\/ecobnb.com\/blog\/app\/uploads\/sites\/3\/2017\/08\/8c575787b7f81b6713e61d801a2378dea7c331f4-270x200.jpeg\" class=\"attachment-thumbnail size-thumbnail\" alt=\"A green holiday between the Dolomites\" \/><\/a>\n\t\t\t<\/dt><\/dl><dl class='gallery-item'>\n\t\t\t<dt class='gallery-icon landscape'>\n\t\t\t\t<a href='https:\/\/ecobnb.com\/blog\/2021\/02\/green-holiday-natural-parks-dolomites\/28e391d80fa6c7d8ffc71871f9ea41c2364750c5\/#main'><img width=\"270\" height=\"200\" src=\"https:\/\/ecobnb.com\/blog\/app\/uploads\/sites\/3\/2017\/08\/28e391d80fa6c7d8ffc71871f9ea41c2364750c5-270x200.jpeg\" class=\"attachment-thumbnail size-thumbnail\" alt=\"A green holiday between the Dolomites\" \/><\/a>\n\t\t\t<\/dt><\/dl><br style=\"clear: both\" \/>\n\t\t<\/div>\n\n<p>In <strong>San Vigilio di Marebbe<\/strong> you will find a beautiful and modern Bed &amp; Breakfast that respects the environment and where you can savor the <strong>natural pleasure<\/strong> of <strong>time<\/strong>. After a night in one of the five rooms available in the <a href=\"https:\/\/ecobnb.com\/IT-bolzano\/bed-breakfast\/les-gomines-b-b\/Zsg52\" target=\"_blank\" rel=\"noopener\"><strong>B&amp;B Les Gomines<\/strong><\/a>, all equipped and with private bathroom, you will be pampered with a breakfast based on genuine, organic or local produces and\u00a0made up of typical sweets, jams and home-made syrups , homemade yoghurt, delicious toast and sandwiches, organic cereals, organic eggs, local and\/or organic honey, selection of seeds, berries and delicacies, local cheeses, fresh bread, fresh fruit, wide selection of hot drinks, tea selection and fresh fruit centrifuges.<\/p>\n<p>&nbsp;<\/p>\n<p><em>Cover photo by\u00a0<a class=\"owner-name truncate\" title=\"Vai al fotostream di Eric Huybrechts\" href=\"https:\/\/www.flickr.com\/photos\/15979685@N08\/\">Eric Huybrechts<\/a>\u00a0via Flickr<\/em><\/p>\n","protected":false},"excerpt":{"rendered":"<p>Get ready for an unforgettable green holiday in South Tyrol, between the Fanes-Senes-Braies and the Puez-Odle nature parks to explore the wonders of the Dolomites and discover the Ladin culture. The karstic landscapes of the Fanes-Senes-Braies nature park that always surprise you, the magical Lake of Braies, the nature trail of Zannes, also available by\u00a0wheelchair, [&hellip;]<\/p>\n","protected":false},"author":33,"featured_media":15416,"comment_status":"closed","ping_status":"open","sticky":false,"template":"","format":"standard","meta":[],"categories":[6],"tags":[11,302,389,379,25,364,45,225,231,58,59,60,310,73,269,414],"acf":[],"yoast_head":"<!-- This site is optimized with the Yoast SEO plugin v19.9 - https:\/\/yoast.com\/wordpress\/plugins\/seo\/ -->\n<title>Green holiday between the two most beautiful natural parks in the Dolomites - Ecobnb<\/title>\n<meta name=\"robots\" content=\"index, follow, max-snippet:-1, max-image-preview:large, max-video-preview:-1\" \/>\n<link rel=\"canonical\" href=\"https:\/\/ecobnb.com\/blog\/2021\/02\/green-holiday-natural-parks-dolomites\/\" \/>\n<meta property=\"og:locale\" content=\"en_US\" \/>\n<meta property=\"og:type\" content=\"article\" \/>\n<meta property=\"og:title\" content=\"Green holiday between the two most beautiful natural parks in the Dolomites - Ecobnb\" \/>\n<meta property=\"og:description\" content=\"Get ready for an unforgettable green holiday in South Tyrol, between the Fanes-Senes-Braies and the Puez-Odle nature parks to explore the wonders of the Dolomites and discover the Ladin culture. The karstic landscapes of the Fanes-Senes-Braies nature park that always surprise you, the magical Lake of Braies, the nature trail of Zannes, also available by\u00a0wheelchair, [&hellip;]\" \/>\n<meta property=\"og:url\" content=\"https:\/\/ecobnb.com\/blog\/2021\/02\/green-holiday-natural-parks-dolomites\/\" \/>\n<meta property=\"og:site_name\" content=\"Ecobnb\" \/>\n<meta property=\"article:publisher\" content=\"https:\/\/www.facebook.com\/ecobnb\" \/>\n<meta property=\"article:published_time\" content=\"2021-02-24T07:00:19+00:00\" \/>\n<meta property=\"article:modified_time\" content=\"2021-02-19T16:05:28+00:00\" \/>\n<meta property=\"og:image\" content=\"https:\/\/ecobnb.com\/blog\/app\/uploads\/sites\/3\/2017\/08\/30823622676_1ce7a458ca_k.jpg\" \/>\n\t<meta property=\"og:image:width\" content=\"1170\" \/>\n\t<meta property=\"og:image:height\" content=\"490\" \/>\n\t<meta property=\"og:image:type\" content=\"image\/jpeg\" \/>\n<meta name=\"author\" content=\"Chiara Marras\" \/>\n<meta name=\"twitter:card\" content=\"summary_large_image\" \/>\n<meta name=\"twitter:creator\" content=\"@ecobnb\" \/>\n<meta name=\"twitter:site\" content=\"@ecobnb\" \/>\n<meta name=\"twitter:label1\" content=\"Written by\" \/>\n\t<meta name=\"twitter:data1\" content=\"Chiara Marras\" \/>\n\t<meta name=\"twitter:label2\" content=\"Est. reading time\" \/>\n\t<meta name=\"twitter:data2\" content=\"2 minutes\" \/>\n<!-- \/ Yoast SEO plugin. -->","yoast_head_json":{"title":"Green holiday between the two most beautiful natural parks in the Dolomites - Ecobnb","robots":{"index":"index","follow":"follow","max-snippet":"max-snippet:-1","max-image-preview":"max-image-preview:large","max-video-preview":"max-video-preview:-1"},"canonical":"https:\/\/ecobnb.com\/blog\/2021\/02\/green-holiday-natural-parks-dolomites\/","og_locale":"en_US","og_type":"article","og_title":"Green holiday between the two most beautiful natural parks in the Dolomites - Ecobnb","og_description":"Get ready for an unforgettable green holiday in South Tyrol, between the Fanes-Senes-Braies and the Puez-Odle nature parks to explore the wonders of the Dolomites and discover the Ladin culture. The karstic landscapes of the Fanes-Senes-Braies nature park that always surprise you, the magical Lake of Braies, the nature trail of Zannes, also available by\u00a0wheelchair, [&hellip;]","og_url":"https:\/\/ecobnb.com\/blog\/2021\/02\/green-holiday-natural-parks-dolomites\/","og_site_name":"Ecobnb","article_publisher":"https:\/\/www.facebook.com\/ecobnb","article_published_time":"2021-02-24T07:00:19+00:00","article_modified_time":"2021-02-19T16:05:28+00:00","og_image":[{"width":1170,"height":490,"url":"https:\/\/ecobnb.com\/blog\/app\/uploads\/sites\/3\/2017\/08\/30823622676_1ce7a458ca_k.jpg","type":"image\/jpeg"}],"author":"Chiara Marras","twitter_card":"summary_large_image","twitter_creator":"@ecobnb","twitter_site":"@ecobnb","twitter_misc":{"Written by":"Chiara Marras","Est. reading time":"2 minutes"},"schema":{"@context":"https:\/\/schema.org","@graph":[{"@type":"Article","@id":"https:\/\/ecobnb.com\/blog\/2021\/02\/green-holiday-natural-parks-dolomites\/#article","isPartOf":{"@id":"https:\/\/ecobnb.com\/blog\/2021\/02\/green-holiday-natural-parks-dolomites\/"},"author":{"name":"Chiara Marras","@id":"https:\/\/ecobnb.com\/blog\/#\/schema\/person\/52ce65689e38cbacd49d1d65910765dc"},"headline":"Green holiday between the two most beautiful natural parks in the Dolomites","datePublished":"2021-02-24T07:00:19+00:00","dateModified":"2021-02-19T16:05:28+00:00","mainEntityOfPage":{"@id":"https:\/\/ecobnb.com\/blog\/2021\/02\/green-holiday-natural-parks-dolomites\/"},"wordCount":487,"publisher":{"@id":"https:\/\/ecobnb.com\/blog\/#organization"},"keywords":["bicycle","Dolomites","eco hotels","ecology","ecotourism","Italy","mountain","natural parks","nature","respect for the environment","responsible tourism","responsible travel","South Tyrol","sustainable tourism","taste","traditions"],"articleSection":["weekend"],"inLanguage":"en-US"},{"@type":"WebPage","@id":"https:\/\/ecobnb.com\/blog\/2021\/02\/green-holiday-natural-parks-dolomites\/","url":"https:\/\/ecobnb.com\/blog\/2021\/02\/green-holiday-natural-parks-dolomites\/","name":"Green holiday between the two most beautiful natural parks in the Dolomites - Ecobnb","isPartOf":{"@id":"https:\/\/ecobnb.com\/blog\/#website"},"datePublished":"2021-02-24T07:00:19+00:00","dateModified":"2021-02-19T16:05:28+00:00","inLanguage":"en-US","potentialAction":[{"@type":"ReadAction","target":["https:\/\/ecobnb.com\/blog\/2021\/02\/green-holiday-natural-parks-dolomites\/"]}]},{"@type":"WebSite","@id":"https:\/\/ecobnb.com\/blog\/#website","url":"https:\/\/ecobnb.com\/blog\/","name":"Ecobnb","description":"Find sustainable accommodation","publisher":{"@id":"https:\/\/ecobnb.com\/blog\/#organization"},"potentialAction":[{"@type":"SearchAction","target":{"@type":"EntryPoint","urlTemplate":"https:\/\/ecobnb.com\/blog\/?s={search_term_string}"},"query-input":"required name=search_term_string"}],"inLanguage":"en-US"},{"@type":"Organization","@id":"https:\/\/ecobnb.com\/blog\/#organization","name":"Ecobnb","url":"https:\/\/ecobnb.com\/blog\/","logo":{"@type":"ImageObject","inLanguage":"en-US","@id":"https:\/\/ecobnb.com\/blog\/#\/schema\/logo\/image\/","url":"https:\/\/ecobnb.com\/blog\/app\/uploads\/sites\/3\/2016\/03\/logo_transparent_512x512.png","contentUrl":"https:\/\/ecobnb.com\/blog\/app\/uploads\/sites\/3\/2016\/03\/logo_transparent_512x512.png","width":512,"height":512,"caption":"Ecobnb"},"image":{"@id":"https:\/\/ecobnb.com\/blog\/#\/schema\/logo\/image\/"},"sameAs":["https:\/\/www.facebook.com\/ecobnb","https:\/\/twitter.com\/ecobnb"]},{"@type":"Person","@id":"https:\/\/ecobnb.com\/blog\/#\/schema\/person\/52ce65689e38cbacd49d1d65910765dc","name":"Chiara Marras","image":{"@type":"ImageObject","inLanguage":"en-US","@id":"https:\/\/ecobnb.com\/blog\/#\/schema\/person\/image\/","url":"https:\/\/secure.gravatar.com\/avatar\/54e0cbd8f6686498c2c79f3852dabcfa?s=96&d=monsterid&r=g","contentUrl":"https:\/\/secure.gravatar.com\/avatar\/54e0cbd8f6686498c2c79f3852dabcfa?s=96&d=monsterid&r=g","caption":"Chiara Marras"},"description":"Mi chiamo Chiara e vivo in una piccola isola della Sardegna. Spero ancora in un web che sia spazio di condivisione e divulgazione, e credo che l\u2019eco-sostenibilit\u00e0 sia una sfida imprescindibile del nostro tempo. Per questo, amo raccontare il viaggio come un\u2019esperienza autentica, in armonia con la natura e le culture locali.","url":"https:\/\/ecobnb.com\/blog\/author\/chiaramarras\/"}]}},"_links":{"self":[{"href":"https:\/\/ecobnb.com\/blog\/wp-json\/wp\/v2\/posts\/15412"}],"collection":[{"href":"https:\/\/ecobnb.com\/blog\/wp-json\/wp\/v2\/posts"}],"about":[{"href":"https:\/\/ecobnb.com\/blog\/wp-json\/wp\/v2\/types\/post"}],"author":[{"embeddable":true,"href":"https:\/\/ecobnb.com\/blog\/wp-json\/wp\/v2\/users\/33"}],"replies":[{"embeddable":true,"href":"https:\/\/ecobnb.com\/blog\/wp-json\/wp\/v2\/comments?post=15412"}],"version-history":[{"count":3,"href":"https:\/\/ecobnb.com\/blog\/wp-json\/wp\/v2\/posts\/15412\/revisions"}],"predecessor-version":[{"id":39229,"href":"https:\/\/ecobnb.com\/blog\/wp-json\/wp\/v2\/posts\/15412\/revisions\/39229"}],"wp:featuredmedia":[{"embeddable":true,"href":"https:\/\/ecobnb.com\/blog\/wp-json\/wp\/v2\/media\/15416"}],"wp:attachment":[{"href":"https:\/\/ecobnb.com\/blog\/wp-json\/wp\/v2\/media?parent=15412"}],"wp:term":[{"taxonomy":"category","embeddable":true,"href":"https:\/\/ecobnb.com\/blog\/wp-json\/wp\/v2\/categories?post=15412"},{"taxonomy":"post_tag","embeddable":true,"href":"https:\/\/ecobnb.com\/blog\/wp-json\/wp\/v2\/tags?post=15412"}],"curies":[{"name":"wp","href":"https:\/\/api.w.org\/{rel}","templated":true}]}}